{"id":5595,"date":"2019-07-06T17:50:30","date_gmt":"2019-07-06T15:50:30","guid":{"rendered":"http:\/\/fauchillefamilytrip.com\/?p=5595"},"modified":"2019-07-14T01:44:12","modified_gmt":"2019-07-13T23:44:12","slug":"medellin","status":"publish","type":"post","link":"https:\/\/fauchillefamilytrip.com\/index.php\/2019\/07\/06\/medellin\/","title":{"rendered":"Medellin, de l&rsquo;art, de l&rsquo;histoire !"},"content":{"rendered":"<p>4 et 5\/07\/2019 &#8211; Nico.<\/p>\n<p class=\"p1\">Pour beaucoup, Medellin rime avec Pablo Escobar et le narcotrafic. Pour d\u2019autres, c\u2019est aujourd\u2019hui la capitale culturelle de la Colombie qui a su faire face \u00e0 son histoire et devenir une des villes les plus agr\u00e9ables du pays.<\/p>\n<p>Nous y arrivons vers midi, et posons nos sacs dans un petit h\u00f4tel sympathique du quartier de Poblado. C&rsquo;est un quartier au sud de la ville, assez touristique certes, o\u00f9 l&rsquo;on trouve plein de petits restaurants et caf\u00e9s. Apr\u00e8s le d\u00e9jeuner, nous prenons le m\u00e9tro direction le centre historique pour y d\u00e9couvrir entre autres, la place Botero, du nom du c\u00e9l\u00e8bre peintre sculpteur colombien. Sur la place, une vingtaine de ses sculptures aux formes rondes et voluptueuses y sont expos\u00e9es.<\/p>\n<p><img loading=\"lazy\" decoding=\"async\" class=\"alignnone size-large wp-image-5600\" src=\"https:\/\/fauchillefamilytrip.com\/wp-content\/uploads\/2019\/07\/Medellin-3-1-769x1024.jpg\" alt=\"\" width=\"769\" height=\"1024\" srcset=\"https:\/\/fauchillefamilytrip.com\/wp-content\/uploads\/2019\/07\/Medellin-3-1-769x1024.jpg 769w, https:\/\/fauchillefamilytrip.com\/wp-content\/uploads\/2019\/07\/Medellin-3-1-225x300.jpg 225w, https:\/\/fauchillefamilytrip.com\/wp-content\/uploads\/2019\/07\/Medellin-3-1-768x1023.jpg 768w\" sizes=\"(max-width: 769px) 100vw, 769px\" \/><\/p>\n<p><img loading=\"lazy\" decoding=\"async\" class=\"alignnone size-large wp-image-5602\" src=\"https:\/\/fauchillefamilytrip.com\/wp-content\/uploads\/2019\/07\/Medellin-4-1-1024x769.jpg\" alt=\"\" width=\"1024\" height=\"769\" srcset=\"https:\/\/fauchillefamilytrip.com\/wp-content\/uploads\/2019\/07\/Medellin-4-1-1024x769.jpg 1024w, https:\/\/fauchillefamilytrip.com\/wp-content\/uploads\/2019\/07\/Medellin-4-1-300x225.jpg 300w, https:\/\/fauchillefamilytrip.com\/wp-content\/uploads\/2019\/07\/Medellin-4-1-768x577.jpg 768w\" sizes=\"(max-width: 1024px) 100vw, 1024px\" \/><\/p>\n<p>Le lendemain, nous avons rdv au Nord-Est de la ville pour une visite guid\u00e9e de la \u00ab\u00a0comuna 13\u00a0\u00bb, d\u00e9sormais c\u00e9l\u00e8bre pour avoir \u00e9t\u00e9 le quartier le plus dangereux au monde jusqu&rsquo;en 2002. A 9h30, nous retrouvons nos amis de Pau avec lesquels nous avons pass\u00e9 du temps \u00e0 Jardin (<a href=\"https:\/\/fauchillefamilytrip.com\/index.php\/2019\/07\/04\/jardin-un-tresor-en-colombie\/\">voir article pr\u00e9c\u00e9dent<\/a>), et notre guide Lina qui a grandi, puis \u00e9lev\u00e9 son fils dans ce m\u00eame quartier.<\/p>\n<p><img loading=\"lazy\" decoding=\"async\" class=\"alignnone size-large wp-image-5599\" src=\"https:\/\/fauchillefamilytrip.com\/wp-content\/uploads\/2019\/07\/Medellin-2-1024x545.jpg\" alt=\"\" width=\"1024\" height=\"545\" srcset=\"https:\/\/fauchillefamilytrip.com\/wp-content\/uploads\/2019\/07\/Medellin-2-1024x545.jpg 1024w, https:\/\/fauchillefamilytrip.com\/wp-content\/uploads\/2019\/07\/Medellin-2-300x160.jpg 300w, https:\/\/fauchillefamilytrip.com\/wp-content\/uploads\/2019\/07\/Medellin-2-768x409.jpg 768w\" sizes=\"(max-width: 1024px) 100vw, 1024px\" \/><\/p>\n<p>Lina nous raconte comment les forces r\u00e9volutionnaires ont pris le contr\u00f4le du quartier pendant des ann\u00e9es, si bien qu&rsquo;\u00e0 part les habitants, personne (et encore moins la police) ne pouvait y p\u00e9n\u00e9trer. La guerrilla, organis\u00e9e en milices, et financ\u00e9e par le trafic de drogue, y avait tous les pouvoirs et malgr\u00e9 les nombreuses tentatives du gouvernement pour lib\u00e9rer ses habitants, ils ont v\u00e9cu dans l&rsquo;ins\u00e9curit\u00e9 quotidienne de la violence et des armes \u00e0 feu.<\/p>\n<p>Ce n&rsquo;est que le 16 octobre 2002, que l&rsquo;op\u00e9ration \u00ab\u00a0Orion\u00a0\u00bb avec ses h\u00e9licopt\u00e8res de combat, ses milliers de militaires et des renseignements tr\u00e8s pr\u00e9cis, va batailler pendant 3 jours pour \u00e9radiquer les milices r\u00e9volutionnaires de la \u00ab\u00a0comuna 13\u00a0\u00bb. Il y eut de nombreux morts et disparus, mais le quartier retrouve ainsi la paix et la capacit\u00e9 de se reconstruire.<\/p>\n<p>C&rsquo;est \u00e0 travers un parcours \u00e9tonnant de fresques, de graffitis et d&rsquo;anecdotes passionnantes et personnelles de Lina que nous comprenons cette histoire incroyable v\u00e9cu par les habitants.<\/p>\n<p><img loading=\"lazy\" decoding=\"async\" class=\"alignnone size-large wp-image-5597\" src=\"https:\/\/fauchillefamilytrip.com\/wp-content\/uploads\/2019\/07\/Medellin-1-1024x769.jpg\" alt=\"\" width=\"1024\" height=\"769\" srcset=\"https:\/\/fauchillefamilytrip.com\/wp-content\/uploads\/2019\/07\/Medellin-1-1024x769.jpg 1024w, https:\/\/fauchillefamilytrip.com\/wp-content\/uploads\/2019\/07\/Medellin-1-300x225.jpg 300w, https:\/\/fauchillefamilytrip.com\/wp-content\/uploads\/2019\/07\/Medellin-1-768x577.jpg 768w\" sizes=\"(max-width: 1024px) 100vw, 1024px\" \/><\/p>\n<p>Nous pouvons d\u00e9sormais gravir la colline gr\u00e2ce aux 6 escalators inaugur\u00e9s en 2012. Les maisons sont peintes en couleurs pour trancher avec le bois et la taule utilis\u00e9s \u00e0 l&rsquo;\u00e9poque.<\/p>\n<p>Les quatre filles, malgr\u00e9 la chaleur et la traduction, restent attentives aux sens et aux messages de chaque dessin.<\/p>\n<p><img loading=\"lazy\" decoding=\"async\" class=\"alignnone size-large wp-image-5596\" src=\"https:\/\/fauchillefamilytrip.com\/wp-content\/uploads\/2019\/07\/Medellin-1-1-1024x769.jpg\" alt=\"\" width=\"1024\" height=\"769\" srcset=\"https:\/\/fauchillefamilytrip.com\/wp-content\/uploads\/2019\/07\/Medellin-1-1-1024x769.jpg 1024w, https:\/\/fauchillefamilytrip.com\/wp-content\/uploads\/2019\/07\/Medellin-1-1-300x225.jpg 300w, https:\/\/fauchillefamilytrip.com\/wp-content\/uploads\/2019\/07\/Medellin-1-1-768x577.jpg 768w\" sizes=\"(max-width: 1024px) 100vw, 1024px\" \/><\/p>\n<p><img loading=\"lazy\" decoding=\"async\" class=\"alignnone size-large wp-image-5598\" src=\"https:\/\/fauchillefamilytrip.com\/wp-content\/uploads\/2019\/07\/Medellin-2-1-1024x769.jpg\" alt=\"\" width=\"1024\" height=\"769\" srcset=\"https:\/\/fauchillefamilytrip.com\/wp-content\/uploads\/2019\/07\/Medellin-2-1-1024x769.jpg 1024w, https:\/\/fauchillefamilytrip.com\/wp-content\/uploads\/2019\/07\/Medellin-2-1-300x225.jpg 300w, https:\/\/fauchillefamilytrip.com\/wp-content\/uploads\/2019\/07\/Medellin-2-1-768x577.jpg 768w\" sizes=\"(max-width: 1024px) 100vw, 1024px\" \/><\/p>\n<p>Apr\u00e8s plus de 3h de visite, Lina sait encore garder leur attention en cherchant ici les animaux cach\u00e9s dans ce dessin.<\/p>\n<p><img loading=\"lazy\" decoding=\"async\" class=\"alignnone size-large wp-image-5601\" src=\"https:\/\/fauchillefamilytrip.com\/wp-content\/uploads\/2019\/07\/Medellin-3-1024x769.jpg\" alt=\"\" width=\"1024\" height=\"769\" srcset=\"https:\/\/fauchillefamilytrip.com\/wp-content\/uploads\/2019\/07\/Medellin-3-1024x769.jpg 1024w, https:\/\/fauchillefamilytrip.com\/wp-content\/uploads\/2019\/07\/Medellin-3-300x225.jpg 300w, https:\/\/fauchillefamilytrip.com\/wp-content\/uploads\/2019\/07\/Medellin-3-768x577.jpg 768w\" sizes=\"(max-width: 1024px) 100vw, 1024px\" \/><\/p>\n<p>Nous assistons alors \u00e0 un spectacle tr\u00e8s qualitatif de hip hop. Nous comprenons comment tous les enfants de ce quartier, qu&rsquo;on avait imagin\u00e9s sans avenir en dehors de la violence, se sont tous convertis en artistes, guides touristiques ou ont aujourd&rsquo;hui trouv\u00e9 un vrai boulot \u00e0 Medellin. Ce qui est certain c&rsquo;est que la violence y est rejet\u00e9e par tous et que personne ne veut oublier le pass\u00e9. Un peu plus loin, dans d&rsquo;autres quartiers de la comuna 13, l&rsquo;ins\u00e9curit\u00e9 et le petit banditisme n&rsquo;a pas encore totalement disparu, mais nous avons \u00e9t\u00e9 touch\u00e9, enfants et adultes, par Lina et son histoire pleine d&rsquo;espoir.<\/p>\n<p><img loading=\"lazy\" decoding=\"async\" class=\"alignnone size-large wp-image-5603\" src=\"https:\/\/fauchillefamilytrip.com\/wp-content\/uploads\/2019\/07\/Medellin-4-1024x769.jpg\" alt=\"\" width=\"1024\" height=\"769\" srcset=\"https:\/\/fauchillefamilytrip.com\/wp-content\/uploads\/2019\/07\/Medellin-4-1024x769.jpg 1024w, https:\/\/fauchillefamilytrip.com\/wp-content\/uploads\/2019\/07\/Medellin-4-300x225.jpg 300w, https:\/\/fauchillefamilytrip.com\/wp-content\/uploads\/2019\/07\/Medellin-4-768x577.jpg 768w\" sizes=\"(max-width: 1024px) 100vw, 1024px\" \/><\/p>\n<p>C&rsquo;est le moment de dire au revoir \u00e0 Lina, qui nous a offert des glaces et des souvenirs de son pays, ainsi qu&rsquo;aux amis qui continuent leur voyage.<\/p>\n<p>Nous montons alors tous les quatre, en t\u00e9l\u00e9cabine, observer depuis le sommet de la comuna 13, l&rsquo;ensemble de la ville et de ses 3,5 millions d&rsquo;habitants.<\/p>\n<p><img loading=\"lazy\" decoding=\"async\" class=\"alignnone size-large wp-image-5604\" src=\"https:\/\/fauchillefamilytrip.com\/wp-content\/uploads\/2019\/07\/Medellin-5-1024x769.jpg\" alt=\"\" width=\"1024\" height=\"769\" srcset=\"https:\/\/fauchillefamilytrip.com\/wp-content\/uploads\/2019\/07\/Medellin-5-1024x769.jpg 1024w, https:\/\/fauchillefamilytrip.com\/wp-content\/uploads\/2019\/07\/Medellin-5-300x225.jpg 300w, https:\/\/fauchillefamilytrip.com\/wp-content\/uploads\/2019\/07\/Medellin-5-768x577.jpg 768w\" sizes=\"(max-width: 1024px) 100vw, 1024px\" \/><\/p>\n<p>Demain, changement de d\u00e9cor, nous partons vers les \u00eeles, au large du Nicaragua. Nous allons nous reposer 9 jours \u00e0 Providencia, qui parait-il offre les plus belles plages de Colombie.<\/p>\n","protected":false},"excerpt":{"rendered":"<p>4 et 5\/07\/2019 &#8211; Nico. Pour beaucoup, Medellin rime avec Pablo Escobar et le narcotrafic. Pour d\u2019autres, c\u2019est aujourd\u2019hui la capitale culturelle de la Colombie qui a su faire face \u00e0 son histoire et devenir une des villes les plus agr\u00e9ables du pays. Nous y arrivons vers midi, et posons nos sacs dans un petit [&hellip;]<\/p>\n","protected":false},"author":1,"featured_media":5598,"comment_status":"open","ping_status":"open","sticky":false,"template":"","format":"standard","meta":{"footnotes":""},"categories":[11,23,17,57,64,22],"tags":[],"_links":{"self":[{"href":"https:\/\/fauchillefamilytrip.com\/index.php\/wp-json\/wp\/v2\/posts\/5595"}],"collection":[{"href":"https:\/\/fauchillefamilytrip.com\/index.php\/wp-json\/wp\/v2\/posts"}],"about":[{"href":"https:\/\/fauchillefamilytrip.com\/index.php\/wp-json\/wp\/v2\/types\/post"}],"author":[{"embeddable":true,"href":"https:\/\/fauchillefamilytrip.com\/index.php\/wp-json\/wp\/v2\/users\/1"}],"replies":[{"embeddable":true,"href":"https:\/\/fauchillefamilytrip.com\/index.php\/wp-json\/wp\/v2\/comments?post=5595"}],"version-history":[{"count":4,"href":"https:\/\/fauchillefamilytrip.com\/index.php\/wp-json\/wp\/v2\/posts\/5595\/revisions"}],"predecessor-version":[{"id":5608,"href":"https:\/\/fauchillefamilytrip.com\/index.php\/wp-json\/wp\/v2\/posts\/5595\/revisions\/5608"}],"wp:featuredmedia":[{"embeddable":true,"href":"https:\/\/fauchillefamilytrip.com\/index.php\/wp-json\/wp\/v2\/media\/5598"}],"wp:attachment":[{"href":"https:\/\/fauchillefamilytrip.com\/index.php\/wp-json\/wp\/v2\/media?parent=5595"}],"wp:term":[{"taxonomy":"category","embeddable":true,"href":"https:\/\/fauchillefamilytrip.com\/index.php\/wp-json\/wp\/v2\/categories?post=5595"},{"taxonomy":"post_tag","embeddable":true,"href":"https:\/\/fauchillefamilytrip.com\/index.php\/wp-json\/wp\/v2\/tags?post=5595"}],"curies":[{"name":"wp","href":"https:\/\/api.w.org\/{rel}","templated":true}]}}