{"id":5476,"date":"2019-06-30T01:08:37","date_gmt":"2019-06-29T23:08:37","guid":{"rendered":"http:\/\/fauchillefamilytrip.com\/?p=5476"},"modified":"2019-07-08T20:15:18","modified_gmt":"2019-07-08T18:15:18","slug":"le-village-tres-colore-de-salento-et-la-region-du-cafe","status":"publish","type":"post","link":"https:\/\/fauchillefamilytrip.com\/index.php\/2019\/06\/30\/le-village-tres-colore-de-salento-et-la-region-du-cafe\/","title":{"rendered":"Le village color\u00e9 de Salento et la r\u00e9gion du caf\u00e9."},"content":{"rendered":"<p>Du 26 au 30\/06\/2019 &#8211; Ingrid.<\/p>\n<p class=\"p1\">Apr\u00e8s \u00eatre arriv\u00e9s tard la veille \u00e0 Bogota, de San Gil, nous repartons ce matin pour Salento, situ\u00e9 au coeur de la zone de caf\u00e9 colombienne. Pour \u00e7a, nous sautons dans un bus pour la ville d\u2019Arm\u00e9nia o\u00f9 nous sommes cens\u00e9s arriver \u00e0 17h. Il n\u2019en sera rien, comme il y a eu deux accidents sur la route, nous allons devoir faire le chemin en mode circulation altern\u00e9e, c\u2019est dire beaucoup de temps \u00e0 l\u2019arr\u00eat pour laisser passer les v\u00e9hicules en sens inverse, et parfois on avance, mais \u00e7a ne dure jamais longtemps. Et impossible de prendre une autre route, puisqu\u2019en Colombie le r\u00e9seau routier est peu d\u00e9velopp\u00e9, il n\u2019y a qu\u2019une seule route pour aller d\u2019une grande ville \u00e0 une autre. Nous arriverons pour finir \u00e0 23h20 \u00e0 Arm\u00e9nia, qui n\u2019est pas notre destination finale, puisque nous avons r\u00e9serv\u00e9 un h\u00f4tel dans le petit village de Salento. Nous voil\u00e0 contraints de prendre un taxi, que nous partagerons avec une belge tr\u00e8s sympa. Le chauffeur est charmant mais roule comme un fou sur la route en colima\u00e7on avec une direction assist\u00e9e qui semble un peu libre. Je compte les kilom\u00e8tres et croise les doigts pour que nous arrivions entiers.<\/p>\n<p class=\"p1\">Heureusement, Nicolas s\u2019est mis d\u2019accord avec la dame de l\u2019h\u00f4tel pour qu\u2019elle vienne gentiment nous ouvrir la porte \u00e0 minuit. C\u2019est \u00e9puis\u00e9s et le ventre vide que nous nous couchons.<\/p>\n<p class=\"p1\">Au r\u00e9veil, nous d\u00e9cidons de rester 3 jours ici car nous avons eu notre dose de transport en 48h. Nous profitons du calme de l&rsquo;h\u00f4tel et de ses hamacs sur le balcon pour nous poser un peu.<\/p>\n<p><img loading=\"lazy\" decoding=\"async\" class=\"alignnone size-large wp-image-5486\" src=\"https:\/\/fauchillefamilytrip.com\/wp-content\/uploads\/2019\/07\/Salento-7-1024x768.jpg\" alt=\"\" width=\"1024\" height=\"768\" srcset=\"https:\/\/fauchillefamilytrip.com\/wp-content\/uploads\/2019\/07\/Salento-7-1024x768.jpg 1024w, https:\/\/fauchillefamilytrip.com\/wp-content\/uploads\/2019\/07\/Salento-7-300x225.jpg 300w, https:\/\/fauchillefamilytrip.com\/wp-content\/uploads\/2019\/07\/Salento-7-768x576.jpg 768w\" sizes=\"(max-width: 1024px) 100vw, 1024px\" \/><\/p>\n<p><img loading=\"lazy\" decoding=\"async\" class=\"alignnone size-large wp-image-5478\" src=\"https:\/\/fauchillefamilytrip.com\/wp-content\/uploads\/2019\/07\/Salento-1-2-1024x769.jpg\" alt=\"\" width=\"1024\" height=\"769\" srcset=\"https:\/\/fauchillefamilytrip.com\/wp-content\/uploads\/2019\/07\/Salento-1-2-1024x769.jpg 1024w, https:\/\/fauchillefamilytrip.com\/wp-content\/uploads\/2019\/07\/Salento-1-2-300x225.jpg 300w, https:\/\/fauchillefamilytrip.com\/wp-content\/uploads\/2019\/07\/Salento-1-2-768x577.jpg 768w\" sizes=\"(max-width: 1024px) 100vw, 1024px\" \/><\/p>\n<p>Puis nous allons d\u00e9guster des truites succulentes, fum\u00e9es et \u00e0 l&rsquo;ail, sp\u00e9cialit\u00e9s du coin. Nous nous baladons dans le village tr\u00e8s color\u00e9 de Salento, o\u00f9 chaque fa\u00e7ade rivalise de couleurs avec sa voisine. Les balcons fleuris, les belles portes chatoyantes et les fen\u00eatres ouvrag\u00e9es lui conf\u00e8rent un charme certain. Je craque compl\u00e8tement, moi qui adore les couleurs.<\/p>\n<p><img loading=\"lazy\" decoding=\"async\" class=\"alignnone size-large wp-image-5485\" src=\"https:\/\/fauchillefamilytrip.com\/wp-content\/uploads\/2019\/07\/Salento-6-1024x769.jpg\" alt=\"\" width=\"1024\" height=\"769\" srcset=\"https:\/\/fauchillefamilytrip.com\/wp-content\/uploads\/2019\/07\/Salento-6-1024x769.jpg 1024w, https:\/\/fauchillefamilytrip.com\/wp-content\/uploads\/2019\/07\/Salento-6-300x225.jpg 300w, https:\/\/fauchillefamilytrip.com\/wp-content\/uploads\/2019\/07\/Salento-6-768x577.jpg 768w\" sizes=\"(max-width: 1024px) 100vw, 1024px\" \/><\/p>\n<p><img loading=\"lazy\" decoding=\"async\" class=\"alignnone size-large wp-image-5484\" src=\"https:\/\/fauchillefamilytrip.com\/wp-content\/uploads\/2019\/07\/Salento-5-1024x769.jpg\" alt=\"\" width=\"1024\" height=\"769\" srcset=\"https:\/\/fauchillefamilytrip.com\/wp-content\/uploads\/2019\/07\/Salento-5-1024x769.jpg 1024w, https:\/\/fauchillefamilytrip.com\/wp-content\/uploads\/2019\/07\/Salento-5-300x225.jpg 300w, https:\/\/fauchillefamilytrip.com\/wp-content\/uploads\/2019\/07\/Salento-5-768x577.jpg 768w\" sizes=\"(max-width: 1024px) 100vw, 1024px\" \/><\/p>\n<p><img loading=\"lazy\" decoding=\"async\" class=\"alignnone size-large wp-image-5483\" src=\"https:\/\/fauchillefamilytrip.com\/wp-content\/uploads\/2019\/07\/Salento-4-1024x769.jpg\" alt=\"\" width=\"1024\" height=\"769\" srcset=\"https:\/\/fauchillefamilytrip.com\/wp-content\/uploads\/2019\/07\/Salento-4-1024x769.jpg 1024w, https:\/\/fauchillefamilytrip.com\/wp-content\/uploads\/2019\/07\/Salento-4-300x225.jpg 300w, https:\/\/fauchillefamilytrip.com\/wp-content\/uploads\/2019\/07\/Salento-4-768x577.jpg 768w\" sizes=\"(max-width: 1024px) 100vw, 1024px\" \/><\/p>\n<p><img loading=\"lazy\" decoding=\"async\" class=\"alignnone size-large wp-image-5482\" src=\"https:\/\/fauchillefamilytrip.com\/wp-content\/uploads\/2019\/07\/Salento-3-1024x769.jpg\" alt=\"\" width=\"1024\" height=\"769\" srcset=\"https:\/\/fauchillefamilytrip.com\/wp-content\/uploads\/2019\/07\/Salento-3-1024x769.jpg 1024w, https:\/\/fauchillefamilytrip.com\/wp-content\/uploads\/2019\/07\/Salento-3-300x225.jpg 300w, https:\/\/fauchillefamilytrip.com\/wp-content\/uploads\/2019\/07\/Salento-3-768x577.jpg 768w\" sizes=\"(max-width: 1024px) 100vw, 1024px\" \/><\/p>\n<p>M\u00eame les jeeps dont l&rsquo;histoire est tr\u00e8s li\u00e9e \u00e0 la culture du caf\u00e9 sont color\u00e9es . Impossible d&rsquo;avoir le bourdon entour\u00e9s de cette riche palette de couleurs vives et vari\u00e9es. C&rsquo;est ainsi que nous gravissons quatre par quatre les 260 marches qui nous m\u00e8nent au mirador qui surplombe la ville. Nous d\u00e9couvrons de l&rsquo;autre c\u00f4t\u00e9 un panorama splendide sur la vall\u00e9e. Quel beau pays!<\/p>\n<p><img loading=\"lazy\" decoding=\"async\" class=\"alignnone size-large wp-image-5479\" src=\"https:\/\/fauchillefamilytrip.com\/wp-content\/uploads\/2019\/07\/Salento-1-1024x768.jpg\" alt=\"\" width=\"1024\" height=\"768\" srcset=\"https:\/\/fauchillefamilytrip.com\/wp-content\/uploads\/2019\/07\/Salento-1-1024x768.jpg 1024w, https:\/\/fauchillefamilytrip.com\/wp-content\/uploads\/2019\/07\/Salento-1-300x225.jpg 300w, https:\/\/fauchillefamilytrip.com\/wp-content\/uploads\/2019\/07\/Salento-1-768x576.jpg 768w\" sizes=\"(max-width: 1024px) 100vw, 1024px\" \/><\/p>\n<p><img loading=\"lazy\" decoding=\"async\" class=\"alignnone size-large wp-image-5481\" src=\"https:\/\/fauchillefamilytrip.com\/wp-content\/uploads\/2019\/07\/Salento-2-1024x769.jpg\" alt=\"\" width=\"1024\" height=\"769\" srcset=\"https:\/\/fauchillefamilytrip.com\/wp-content\/uploads\/2019\/07\/Salento-2-1024x769.jpg 1024w, https:\/\/fauchillefamilytrip.com\/wp-content\/uploads\/2019\/07\/Salento-2-300x225.jpg 300w, https:\/\/fauchillefamilytrip.com\/wp-content\/uploads\/2019\/07\/Salento-2-768x577.jpg 768w\" sizes=\"(max-width: 1024px) 100vw, 1024px\" \/>A 17h, Nicolas d\u00e9cide d&rsquo;encha\u00eener avec une s\u00e9ance de devoirs, dernier examen de Fran\u00e7ais de l&rsquo;ann\u00e9e pour Colombe. Quel soulagement ! On ne peut vraiment pas dire qu\u2019elle porte les cours de fran\u00e7ais Legendre dans son coeur et on la comprend.<\/p>\n<p>Ce soir, ce sera d\u00eener p\u00e2tes \u00e0 l&rsquo;h\u00f4tel. Encore fatigu\u00e9s de notre journ\u00e9e de la veille, on a envie de se coucher t\u00f4t.<\/p>\n<p><span style=\"color: #3366ff;\"><strong>Visite d&rsquo;une finca de caf\u00e9 :<\/strong><\/span><\/p>\n<p>Aujourd&rsquo;hui, au programme c&rsquo;est la visite de la finca de caf\u00e9 \u00ab\u00a0Las Acacias\u00a0\u00bb, exploitation familiale. Nous d\u00e9cidons de nous y rendre \u00e0 pied. Apr\u00e8s avoir march\u00e9 quelques kilom\u00e8tres en plein soleil, les filles d\u00e9cident de lever le pouce et de faire du stop. Imm\u00e9diatement une jeep s&rsquo;arr\u00eate et nous emm\u00e8ne pour le dernier kilom\u00e8tre jusqu&rsquo;\u00e0 la finca. Nous nous greffons \u00e0 la visite qui commence.<\/p>\n<p><img loading=\"lazy\" decoding=\"async\" class=\"alignnone size-large wp-image-5496\" src=\"https:\/\/fauchillefamilytrip.com\/wp-content\/uploads\/2019\/07\/finca-las-acacias-1-1024x507.jpg\" alt=\"\" width=\"1024\" height=\"507\" srcset=\"https:\/\/fauchillefamilytrip.com\/wp-content\/uploads\/2019\/07\/finca-las-acacias-1-1024x507.jpg 1024w, https:\/\/fauchillefamilytrip.com\/wp-content\/uploads\/2019\/07\/finca-las-acacias-1-300x148.jpg 300w, https:\/\/fauchillefamilytrip.com\/wp-content\/uploads\/2019\/07\/finca-las-acacias-1-768x380.jpg 768w\" sizes=\"(max-width: 1024px) 100vw, 1024px\" \/><\/p>\n<p>On apprend qu&rsquo;un pied de caf\u00e9 dure en moyenne 15 ans, parfois 20 \u00e0 une altitude inf\u00e9rieure \u00e0 2000m. Au del\u00e0, n&rsquo;\u00e9tant plus tr\u00e8s productif, on le coupe et on le remplace par un jeune plan. Il faut alors en moyenne attendre 4 ans pour qu&rsquo;une pousse puisse offrir une vraie r\u00e9colte. Il s&rsquo;agit donc d&rsquo;anticiper et de faire tourner son exploitation. Pour cela, chaque parcelle correspond \u00e0 une ann\u00e9e de plantation, et ainsi un roulement s&rsquo;op\u00e8re entre la coupe du vieux pied et le repiquage d&rsquo;une jeune pousse.<\/p>\n<p><img loading=\"lazy\" decoding=\"async\" class=\"alignnone size-large wp-image-5497\" src=\"https:\/\/fauchillefamilytrip.com\/wp-content\/uploads\/2019\/07\/finca-las-acacias-2-1024x769.jpg\" alt=\"\" width=\"1024\" height=\"769\" srcset=\"https:\/\/fauchillefamilytrip.com\/wp-content\/uploads\/2019\/07\/finca-las-acacias-2-1024x769.jpg 1024w, https:\/\/fauchillefamilytrip.com\/wp-content\/uploads\/2019\/07\/finca-las-acacias-2-300x225.jpg 300w, https:\/\/fauchillefamilytrip.com\/wp-content\/uploads\/2019\/07\/finca-las-acacias-2-768x577.jpg 768w\" sizes=\"(max-width: 1024px) 100vw, 1024px\" \/><\/p>\n<p>Il y a normalement 2 r\u00e9coltes \u00e0 l&rsquo;ann\u00e9e, une importante entre mars et mai et une secondaire entre octobre et d\u00e9cembre. Mais \u00e0 2000m d&rsquo;altitude, la r\u00e9colte n&rsquo;a lieu qu&rsquo;une fois par an, en g\u00e9n\u00e9ral en mai. Comme il a beaucoup plu en mai, cette ann\u00e9e, elle a \u00e9t\u00e9 retard\u00e9e \u00e0 fin juin. Il s&rsquo;agit de r\u00e9colter les grains quand ils sont devenus rouges.<\/p>\n<p>C&rsquo;est un travail tr\u00e8s p\u00e9nible pour trois raisons : il faut travailler bien souvent en plein soleil, sur des pentes tr\u00e8s escarp\u00e9es et donc extr\u00eamement glissantes par temps de pluie et enfin sous les feuilles il y a de nombreuses chenilles qui cr\u00e9ent des boursouflures douloureuses au niveau des mains et du visage de celui qui fait la r\u00e9colte. Le travailleur est soit pay\u00e9 \u00e0 la journ\u00e9e (10\u20ac\/j) soit au kilo ramass\u00e9. C&rsquo;est donc un travail \u00e9reintant et mal pay\u00e9, ce qui explique qu&rsquo;aujourd&rsquo;hui il est difficile de trouver des travailleurs pour faire la r\u00e9colte.<\/p>\n<p>Pour cette raison et aussi parce que le caf\u00e9 rapporte de moins en moins, les cultures sont remplac\u00e9es par des avocatiers ou des bananiers qui rapportent plus. La Colombie oscille entre la deuxi\u00e8me et la troisi\u00e8me place d&rsquo;exportateur de caf\u00e9 au monde. Il\u00a0 faut savoir que la Colombie fait exclusivement du caf\u00e9 Arabica. Actuellement, c&rsquo;est entre 12 et 14 millions de sacs de 60kg de caf\u00e9 qui sont produits chaque ann\u00e9e en Colombie, soit plus de 720 000 tonnes. En 2016, le caf\u00e9 repr\u00e9sentait pr\u00e8s de 8% des revenus des exportations du pays. C&rsquo;est le 3\u00e8me produit, apr\u00e8s le p\u00e9trole et le charbon.<\/p>\n<p>Nous profitons de la visite pour admirer aussi de tr\u00e8s beaux oiseaux et de magnifiques fleurs. Entre les plans de caf\u00e9 se trouvent de nombreux bananiers car ces derniers pr\u00e9sentent une r\u00e9serve d&rsquo;eau dans leur tronc que les plans de caf\u00e9 peuvent venir pomper en cas de s\u00e9cheresse.<\/p>\n<p><img loading=\"lazy\" decoding=\"async\" class=\"alignnone size-large wp-image-5498\" src=\"https:\/\/fauchillefamilytrip.com\/wp-content\/uploads\/2019\/07\/finca-las-acacias-3-1024x769.jpg\" alt=\"\" width=\"1024\" height=\"769\" srcset=\"https:\/\/fauchillefamilytrip.com\/wp-content\/uploads\/2019\/07\/finca-las-acacias-3-1024x769.jpg 1024w, https:\/\/fauchillefamilytrip.com\/wp-content\/uploads\/2019\/07\/finca-las-acacias-3-300x225.jpg 300w, https:\/\/fauchillefamilytrip.com\/wp-content\/uploads\/2019\/07\/finca-las-acacias-3-768x577.jpg 768w\" sizes=\"(max-width: 1024px) 100vw, 1024px\" \/><\/p>\n<p><img loading=\"lazy\" decoding=\"async\" class=\"alignnone size-large wp-image-5499\" src=\"https:\/\/fauchillefamilytrip.com\/wp-content\/uploads\/2019\/07\/finca-las-acacias-4-1024x769.jpg\" alt=\"\" width=\"1024\" height=\"769\" srcset=\"https:\/\/fauchillefamilytrip.com\/wp-content\/uploads\/2019\/07\/finca-las-acacias-4-1024x769.jpg 1024w, https:\/\/fauchillefamilytrip.com\/wp-content\/uploads\/2019\/07\/finca-las-acacias-4-300x225.jpg 300w, https:\/\/fauchillefamilytrip.com\/wp-content\/uploads\/2019\/07\/finca-las-acacias-4-768x577.jpg 768w\" sizes=\"(max-width: 1024px) 100vw, 1024px\" \/><\/p>\n<p><img loading=\"lazy\" decoding=\"async\" class=\"alignnone size-large wp-image-5500\" src=\"https:\/\/fauchillefamilytrip.com\/wp-content\/uploads\/2019\/07\/finca-las-acacias-5-1024x769.jpg\" alt=\"\" width=\"1024\" height=\"769\" srcset=\"https:\/\/fauchillefamilytrip.com\/wp-content\/uploads\/2019\/07\/finca-las-acacias-5-1024x769.jpg 1024w, https:\/\/fauchillefamilytrip.com\/wp-content\/uploads\/2019\/07\/finca-las-acacias-5-300x225.jpg 300w, https:\/\/fauchillefamilytrip.com\/wp-content\/uploads\/2019\/07\/finca-las-acacias-5-768x577.jpg 768w\" sizes=\"(max-width: 1024px) 100vw, 1024px\" \/><\/p>\n<p>Puis Mahaut s&rsquo;essaye \u00e0 la petite machine qui sert \u00e0 s\u00e9parer l&rsquo;enveloppe rouge du grain \u00e0 proprement dit de caf\u00e9. En vrai, l&rsquo;exploitation se sert d&rsquo;une plus grosse machine.<\/p>\n<p><img loading=\"lazy\" decoding=\"async\" class=\"alignnone size-large wp-image-5501\" src=\"https:\/\/fauchillefamilytrip.com\/wp-content\/uploads\/2019\/07\/finca-las-acacias-6-1024x769.jpg\" alt=\"\" width=\"1024\" height=\"769\" srcset=\"https:\/\/fauchillefamilytrip.com\/wp-content\/uploads\/2019\/07\/finca-las-acacias-6-1024x769.jpg 1024w, https:\/\/fauchillefamilytrip.com\/wp-content\/uploads\/2019\/07\/finca-las-acacias-6-300x225.jpg 300w, https:\/\/fauchillefamilytrip.com\/wp-content\/uploads\/2019\/07\/finca-las-acacias-6-768x577.jpg 768w\" sizes=\"(max-width: 1024px) 100vw, 1024px\" \/><\/p>\n<p>Ensuite, ils font s\u00e9cher les grains au soleil puis c&rsquo;est l&rsquo;\u00e9tape de la torr\u00e9faction. On obtient ainsi de beau grains marrons, couleur caf\u00e9. Puis il est moulu.<\/p>\n<p><img loading=\"lazy\" decoding=\"async\" class=\"alignnone size-large wp-image-5502\" src=\"https:\/\/fauchillefamilytrip.com\/wp-content\/uploads\/2019\/07\/finca-las-acacias-7-1024x769.jpg\" alt=\"\" width=\"1024\" height=\"769\" srcset=\"https:\/\/fauchillefamilytrip.com\/wp-content\/uploads\/2019\/07\/finca-las-acacias-7-1024x769.jpg 1024w, https:\/\/fauchillefamilytrip.com\/wp-content\/uploads\/2019\/07\/finca-las-acacias-7-300x225.jpg 300w, https:\/\/fauchillefamilytrip.com\/wp-content\/uploads\/2019\/07\/finca-las-acacias-7-768x577.jpg 768w\" sizes=\"(max-width: 1024px) 100vw, 1024px\" \/><\/p>\n<p><img loading=\"lazy\" decoding=\"async\" class=\"alignnone size-large wp-image-5508\" src=\"https:\/\/fauchillefamilytrip.com\/wp-content\/uploads\/2019\/07\/finca-las-acacias-1-1-1024x769.jpg\" alt=\"\" width=\"1024\" height=\"769\" srcset=\"https:\/\/fauchillefamilytrip.com\/wp-content\/uploads\/2019\/07\/finca-las-acacias-1-1-1024x769.jpg 1024w, https:\/\/fauchillefamilytrip.com\/wp-content\/uploads\/2019\/07\/finca-las-acacias-1-1-300x225.jpg 300w, https:\/\/fauchillefamilytrip.com\/wp-content\/uploads\/2019\/07\/finca-las-acacias-1-1-768x577.jpg 768w\" sizes=\"(max-width: 1024px) 100vw, 1024px\" \/><\/p>\n<p><img loading=\"lazy\" decoding=\"async\" class=\"alignnone size-large wp-image-5504\" src=\"https:\/\/fauchillefamilytrip.com\/wp-content\/uploads\/2019\/07\/finca-las-acacias-9-1024x769.jpg\" alt=\"\" width=\"1024\" height=\"769\" srcset=\"https:\/\/fauchillefamilytrip.com\/wp-content\/uploads\/2019\/07\/finca-las-acacias-9-1024x769.jpg 1024w, https:\/\/fauchillefamilytrip.com\/wp-content\/uploads\/2019\/07\/finca-las-acacias-9-300x225.jpg 300w, https:\/\/fauchillefamilytrip.com\/wp-content\/uploads\/2019\/07\/finca-las-acacias-9-768x577.jpg 768w\" sizes=\"(max-width: 1024px) 100vw, 1024px\" \/><\/p>\n<p>Le caf\u00e9 peut \u00eatre export\u00e9 d\u00e9j\u00e0 torr\u00e9fi\u00e9 ou pas encore torr\u00e9fi\u00e9.<\/p>\n<p><img loading=\"lazy\" decoding=\"async\" class=\"alignnone size-large wp-image-5503\" src=\"https:\/\/fauchillefamilytrip.com\/wp-content\/uploads\/2019\/07\/finca-las-acacias-8-1024x769.jpg\" alt=\"\" width=\"1024\" height=\"769\" srcset=\"https:\/\/fauchillefamilytrip.com\/wp-content\/uploads\/2019\/07\/finca-las-acacias-8-1024x769.jpg 1024w, https:\/\/fauchillefamilytrip.com\/wp-content\/uploads\/2019\/07\/finca-las-acacias-8-300x225.jpg 300w, https:\/\/fauchillefamilytrip.com\/wp-content\/uploads\/2019\/07\/finca-las-acacias-8-768x577.jpg 768w\" sizes=\"(max-width: 1024px) 100vw, 1024px\" \/><\/p>\n<p>La visite se termine par la d\u00e9gustation d&rsquo;un bon caf\u00e9 bien serr\u00e9 pour les adultes. Les filles ont le droit \u00e0 un caf\u00e9 glac\u00e9, r\u00e9alis\u00e9 avec un fond de caf\u00e9, du lait froid, une sauce chocolat et de la cannelle. Un vrai d\u00e9lice !<\/p>\n<p><img loading=\"lazy\" decoding=\"async\" class=\"alignnone size-large wp-image-5505\" src=\"https:\/\/fauchillefamilytrip.com\/wp-content\/uploads\/2019\/07\/finca-las-acacias-10-1024x769.jpg\" alt=\"\" width=\"1024\" height=\"769\" srcset=\"https:\/\/fauchillefamilytrip.com\/wp-content\/uploads\/2019\/07\/finca-las-acacias-10-1024x769.jpg 1024w, https:\/\/fauchillefamilytrip.com\/wp-content\/uploads\/2019\/07\/finca-las-acacias-10-300x225.jpg 300w, https:\/\/fauchillefamilytrip.com\/wp-content\/uploads\/2019\/07\/finca-las-acacias-10-768x577.jpg 768w\" sizes=\"(max-width: 1024px) 100vw, 1024px\" \/><\/p>\n<p>Nous encha\u00eenons par un d\u00e9jeuner en ville et un apr\u00e8s-midi \u00e0 l&rsquo;h\u00f4tel pour cl\u00f4turer cette fois ci le programme de math\u00e9matiques de Colombe. A 18h, nous gagnons la place du village pour aller soutenir l&rsquo;\u00e9quipe de foot colombienne qui affronte le Chili en quart de finale de la Copa Am\u00e9rica. La place et les caf\u00e9s sont pleins, une bonne ambiance r\u00e8gne.<\/p>\n<p><img loading=\"lazy\" decoding=\"async\" class=\"alignnone size-large wp-image-5510\" src=\"https:\/\/fauchillefamilytrip.com\/wp-content\/uploads\/2019\/07\/Salento-1-3-1024x768.jpg\" alt=\"\" width=\"1024\" height=\"768\" srcset=\"https:\/\/fauchillefamilytrip.com\/wp-content\/uploads\/2019\/07\/Salento-1-3-1024x768.jpg 1024w, https:\/\/fauchillefamilytrip.com\/wp-content\/uploads\/2019\/07\/Salento-1-3-300x225.jpg 300w, https:\/\/fauchillefamilytrip.com\/wp-content\/uploads\/2019\/07\/Salento-1-3-768x576.jpg 768w\" sizes=\"(max-width: 1024px) 100vw, 1024px\" \/><\/p>\n<p>Nous sommes debout, et tr\u00e8s rapidement un couple de colombiens propose un bout de leurs chaises aux filles. Quelle gentillesse ! Et apr\u00e8s 20 min de match, Gilberto tient \u00e0 nous offrir cocas et bi\u00e8res. A l&rsquo;entracte, on s&rsquo;occupe d&rsquo;aller chercher des saucisses pour tout le monde et nous offrons \u00e0 notre tour une bi\u00e8re \u00e0 Gilberto et Carolina. Nous sommes tristes pour eux quand la Colombie perd malheureusement aux tirs au but. Nous n&rsquo;aurons pas eu la chance de les entendre crier Gooooooooool pendant 10 min.<\/p>\n<p>&nbsp;<\/p>\n<p>Le lendemain, nous partons t\u00f4t pour la c\u00e9l\u00e8bre et splendide vall\u00e9e de Cocora. Suite dans le prochain article.<\/p>\n","protected":false},"excerpt":{"rendered":"<p>Du 26 au 30\/06\/2019 &#8211; Ingrid. Apr\u00e8s \u00eatre arriv\u00e9s tard la veille \u00e0 Bogota, de San Gil, nous repartons ce matin pour Salento, situ\u00e9 au coeur de la zone de caf\u00e9 colombienne. Pour \u00e7a, nous sautons dans un bus pour la ville d\u2019Arm\u00e9nia o\u00f9 nous sommes cens\u00e9s arriver \u00e0 17h. Il n\u2019en sera rien, comme [&hellip;]<\/p>\n","protected":false},"author":1,"featured_media":5480,"comment_status":"open","ping_status":"open","sticky":false,"template":"","format":"standard","meta":{"footnotes":""},"categories":[11,23,17,21,56,57],"tags":[],"_links":{"self":[{"href":"https:\/\/fauchillefamilytrip.com\/index.php\/wp-json\/wp\/v2\/posts\/5476"}],"collection":[{"href":"https:\/\/fauchillefamilytrip.com\/index.php\/wp-json\/wp\/v2\/posts"}],"about":[{"href":"https:\/\/fauchillefamilytrip.com\/index.php\/wp-json\/wp\/v2\/types\/post"}],"author":[{"embeddable":true,"href":"https:\/\/fauchillefamilytrip.com\/index.php\/wp-json\/wp\/v2\/users\/1"}],"replies":[{"embeddable":true,"href":"https:\/\/fauchillefamilytrip.com\/index.php\/wp-json\/wp\/v2\/comments?post=5476"}],"version-history":[{"count":6,"href":"https:\/\/fauchillefamilytrip.com\/index.php\/wp-json\/wp\/v2\/posts\/5476\/revisions"}],"predecessor-version":[{"id":5579,"href":"https:\/\/fauchillefamilytrip.com\/index.php\/wp-json\/wp\/v2\/posts\/5476\/revisions\/5579"}],"wp:featuredmedia":[{"embeddable":true,"href":"https:\/\/fauchillefamilytrip.com\/index.php\/wp-json\/wp\/v2\/media\/5480"}],"wp:attachment":[{"href":"https:\/\/fauchillefamilytrip.com\/index.php\/wp-json\/wp\/v2\/media?parent=5476"}],"wp:term":[{"taxonomy":"category","embeddable":true,"href":"https:\/\/fauchillefamilytrip.com\/index.php\/wp-json\/wp\/v2\/categories?post=5476"},{"taxonomy":"post_tag","embeddable":true,"href":"https:\/\/fauchillefamilytrip.com\/index.php\/wp-json\/wp\/v2\/tags?post=5476"}],"curies":[{"name":"wp","href":"https:\/\/api.w.org\/{rel}","templated":true}]}}